{"id":28932,"date":"2021-12-23T14:28:37","date_gmt":"2021-12-23T06:28:37","guid":{"rendered":"https:\/\/www.ochm-macau.org\/bilhetes-para-o-concertosensacao-de-primaverapela-orquestra-chinesa-de-macau-encontram-se-a-venda-a-partir-desta-6-a-feira-%ef%bc%8824-de-dezembro%ef%bc%89-2\/"},"modified":"2022-04-01T14:52:31","modified_gmt":"2022-04-01T06:52:31","slug":"bilhetes-para-o-concertosensacao-de-primaverapela-orquestra-chinesa-de-macau-encontram-se-a-venda-a-partir-desta-6-a-feira-%ef%bc%8824-de-dezembro%ef%bc%89-2","status":"publish","type":"post","link":"https:\/\/www.ochm-macau.org\/pt-pt\/bilhetes-para-o-concertosensacao-de-primaverapela-orquestra-chinesa-de-macau-encontram-se-a-venda-a-partir-desta-6-a-feira-%ef%bc%8824-de-dezembro%ef%bc%89-2\/","title":{"rendered":"Bilhetes para o concerto\u201cSensa\u00e7\u00e3o de Primavera\u201dpela Orquestra Chinesa de Macau encontram-se \u00e0 venda a partir desta 6.\u00aa-feira \uff0824 de Dezembro\uff09"},"content":{"rendered":"<p>[vc_row][vc_column][vc_column_text]A Orquestra Chinesa de Macau, sob a \u00e9gide do Instituto Cultural, ir\u00e1 apresentar o concerto \u201cSensa\u00e7\u00e3o de Primavera\u201dno dia 16 de Janeiro de 2022 \uff08Domingo\uff09, pelas 20:00 horas, no Grande Audit\u00f3rio do Centro Cultural de Macau. O concerto ser\u00e1 dirigido pelo famoso maestro Bian Zushan, contando com a participa\u00e7\u00e3o da solista de primeira classe a n\u00edvel nacional, a instrumentista de pipa Wu Yuxia, que ir\u00e1 interpretar obras c\u00e9lebres. Os bilhetes para o concerto encontram-se \u00e0 venda a partir das 10:00 horas do dia 24 de Dezembro,\uff086.\u00aa-feira\uff09, na Bilheteira Online de Macau.<\/p>\n<p>O concerto, atrav\u00e9s de melodias da m\u00fasica chinesa, procurar\u00e1 transmitir as diferentes sensa\u00e7\u00f5es da Primavera, bem como expressar o esp\u00edrito rom\u00e2ntico da m\u00fasica e a vitalidade vigorosa da m\u00fasica folcl\u00f3rica. Do programa do concerto faz parte a famosa pe\u00e7a orquestral chinesa\u201cAbertura do Festival da Primavera\u201d, que exibe ritmos din\u00e2micos atrav\u00e9s do g\u00e9nero musical de folclore\u201cYang Ge\u201d, evocando os cen\u00e1rios de enorme festividade e alegria do Ano Novo Chin\u00eas, o mais importante festival celebrado pela na\u00e7\u00e3o chinesa. Wu Yuxia, int\u00e9rprete c\u00e9lebre de pipa, executar\u00e1 o Concerto de Pipa\u201cFantasia de Nuvens e Flores\u201d, revelando o charme cl\u00e1ssico e a graciosidade da dinastia Tang. Al\u00e9m disso, Wei Zidong, int\u00e9rprete de dizi da Orquestra Chinesa de Macau, executar\u00e1 o Concerto de Dizi\u201cBrisa de Primavera\u201d, permitindo ao p\u00fablico sentir o encanto da m\u00fasica chinesa num rico clima primaveril, criado pela sonoridade n\u00edtida e pela melodia suave deste instrumento particular.<\/p>\n<p>O concerto\u201cSensa\u00e7\u00e3o de Primavera\u201dtem uma dura\u00e7\u00e3o de cerca de 1 hora e 30 minutos, incluindo um intervalo. Os bilhetes para o concerto encontram-se \u00e0 venda aos pre\u00e7os de MOP200, MOP160, MOP140 e MOP120, estando dispon\u00edveis v\u00e1rios descontos. Linha directa de venda de bilhetes 24 horas: 2855 5555; a reserva de bilhetes online est\u00e1 dispon\u00edvel em www.macauticket.com.<\/p>\n<p>Devido \u00e0 pandemia e \u00e0 impossibilidade do instrumentista de liuqin, Cui Junmiao, se deslocar a Macau conforme o previsto, o programa do concerto foi ajustado.<\/p>\n<p>O Instituto Cultural seguir\u00e1 estritamente as directrizes relevantes de preven\u00e7\u00e3o de epidemias dos Servi\u00e7os de Sa\u00fade e tomar\u00e1 as provid\u00eancias necess\u00e1rias para as actividades art\u00edsticas e culturais. As pessoas que participarem nestas actividades devem usar m\u00e1scaras de protec\u00e7\u00e3o, ser submetidas \u00e0 medi\u00e7\u00e3o da temperatura corporal e apresentar o C\u00f3digo de Sa\u00fade pessoal do dia.<\/p>\n<p>Para mais informa\u00e7\u00f5es sobre o programa da Temporada de Concertos da Orquestra Chinesa de Macau, \u00e9 favor contactar o Orquestra Chinesa de Macau atrav\u00e9s do telefone n.\u00ba 8988 4102, durante o hor\u00e1rio de expediente, ou visitar a p\u00e1gina www.icm.gov.mo\/ochm.[\/vc_column_text][\/vc_column][\/vc_row][vc_row][vc_column]<div class=\"cqcarousel-container \" data-slidestoshow=\"5\" data-thumbstoshow=\"7\" data-dots=\"yes\" data-arrows=\"yes\" data-isgallery=\"is-gallery\" data-largeimagearrows=\"yes\" data-autoplay=\"no\" data-autoplayspeed=\"4000\" data-containerwidth=\"\" data-containermaxwidth=\"\" data-imgnum=\"4\" data-bottomversion=\"\" data-dotbottom=\"\"><div class=\"carousel-gallery\"><div><div class=\"gallery-con\" style=\"background-image:url(https:\/\/www.ochm-macau.org\/wp-content\/uploads\/2022\/03\/IC-184536-500.jpg);\"><\/div><\/div><div><div class=\"gallery-con\" style=\"background-image:url(https:\/\/www.ochm-macau.org\/wp-content\/uploads\/2022\/04\/7.jpg);\"><\/div><\/div><div><div class=\"gallery-con\" style=\"background-image:url(https:\/\/www.ochm-macau.org\/wp-content\/uploads\/2022\/04\/6.jpg);\"><\/div><\/div><div><div class=\"gallery-con\" style=\"background-image:url(https:\/\/www.ochm-macau.org\/wp-content\/uploads\/2022\/04\/8.jpg);\"><\/div><\/div><\/div><div class=\"carousel-thumb is-gallery\"><div title=\"\"><img decoding=\"async\" src=\"https:\/\/www.ochm-macau.org\/wp-content\/uploads\/2022\/03\/IC-184536-500-120x80.jpg\" \/><\/div><div title=\"\"><img decoding=\"async\" src=\"https:\/\/www.ochm-macau.org\/wp-content\/uploads\/2022\/04\/7-120x80.jpg\" \/><\/div><div title=\"\"><img decoding=\"async\" src=\"https:\/\/www.ochm-macau.org\/wp-content\/uploads\/2022\/04\/6-120x80.jpg\" \/><\/div><div title=\"\"><img decoding=\"async\" src=\"https:\/\/www.ochm-macau.org\/wp-content\/uploads\/2022\/04\/8-120x80.jpg\" \/><\/div><\/div><\/div>[\/vc_column][\/vc_row]<\/p>\n","protected":false},"excerpt":{"rendered":"<p>[vc_row][vc_column][vc_column_text]A Orquestra Chinesa de Macau, sob a \u00e9gide do Instituto Cultural, ir\u00e1 apresentar o concerto \u201cSensa\u00e7\u00e3o de Primavera\u201dno dia 16 &hellip; <a href=\"https:\/\/www.ochm-macau.org\/pt-pt\/bilhetes-para-o-concertosensacao-de-primaverapela-orquestra-chinesa-de-macau-encontram-se-a-venda-a-partir-desta-6-a-feira-%ef%bc%8824-de-dezembro%ef%bc%89-2\/\" class=\"more-link\">Continuar a ler<span class=\"screen-reader-text\"> &#8220;Bilhetes para o concerto\u201cSensa\u00e7\u00e3o de Primavera\u201dpela Orquestra Chinesa de Macau encontram-se \u00e0 venda a partir desta 6.\u00aa-feira \uff0824 de Dezembro\uff09&#8221;<\/span><\/a><\/p>\n","protected":false},"author":1,"featured_media":26945,"comment_status":"closed","ping_status":"closed","sticky":false,"template":"","format":"standard","meta":{"_acf_changed":false,"footnotes":""},"categories":[11,1],"tags":[],"class_list":["post-28932","post","type-post","status-publish","format-standard","has-post-thumbnail","hentry","category-arquivo-de-noticias","category-uncategorized"],"acf":[],"_links":{"self":[{"href":"https:\/\/www.ochm-macau.org\/pt-pt\/wp-json\/wp\/v2\/posts\/28932","targetHints":{"allow":["GET"]}}],"collection":[{"href":"https:\/\/www.ochm-macau.org\/pt-pt\/wp-json\/wp\/v2\/posts"}],"about":[{"href":"https:\/\/www.ochm-macau.org\/pt-pt\/wp-json\/wp\/v2\/types\/post"}],"author":[{"embeddable":true,"href":"https:\/\/www.ochm-macau.org\/pt-pt\/wp-json\/wp\/v2\/users\/1"}],"replies":[{"embeddable":true,"href":"https:\/\/www.ochm-macau.org\/pt-pt\/wp-json\/wp\/v2\/comments?post=28932"}],"version-history":[{"count":1,"href":"https:\/\/www.ochm-macau.org\/pt-pt\/wp-json\/wp\/v2\/posts\/28932\/revisions"}],"predecessor-version":[{"id":28933,"href":"https:\/\/www.ochm-macau.org\/pt-pt\/wp-json\/wp\/v2\/posts\/28932\/revisions\/28933"}],"wp:featuredmedia":[{"embeddable":true,"href":"https:\/\/www.ochm-macau.org\/pt-pt\/wp-json\/wp\/v2\/media\/26945"}],"wp:attachment":[{"href":"https:\/\/www.ochm-macau.org\/pt-pt\/wp-json\/wp\/v2\/media?parent=28932"}],"wp:term":[{"taxonomy":"category","embeddable":true,"href":"https:\/\/www.ochm-macau.org\/pt-pt\/wp-json\/wp\/v2\/categories?post=28932"},{"taxonomy":"post_tag","embeddable":true,"href":"https:\/\/www.ochm-macau.org\/pt-pt\/wp-json\/wp\/v2\/tags?post=28932"}],"curies":[{"name":"wp","href":"https:\/\/api.w.org\/{rel}","templated":true}]}}